{"id":1989,"date":"2023-06-13T17:10:15","date_gmt":"2023-06-13T15:10:15","guid":{"rendered":"https:\/\/tiercelet.fr\/?p=1989"},"modified":"2023-06-13T17:10:15","modified_gmt":"2023-06-13T15:10:15","slug":"partenaires-financiers-et-renovation-energetique","status":"publish","type":"post","link":"https:\/\/tiercelet.fr\/?p=1989","title":{"rendered":"Partenaires financiers et r\u00e9novation \u00e9nerg\u00e9tique"},"content":{"rendered":"<p>Le gouvernement a mis en place <strong>un plan de relance historique de 100 milliards d\u2019euros<\/strong> pour redresser l\u2019\u00e9conomie et faire la <strong>\u00ab\u00a0France de demain\u00a0\u00bb.<\/strong><\/p>\n<p>Inscrit dans la continuit\u00e9 des mesures de soutien aux entreprises et salari\u00e9s lanc\u00e9s d\u00e8s le d\u00e9but de la crise de la Covid-19, ce plan vise \u00e0 <strong>transformer l\u2019\u00e9conomie et cr\u00e9er de nouveaux emplois<\/strong>. Il repose sur trois piliers\u00a0: l\u2019\u00e9cologie, la comp\u00e9titivit\u00e9 et la coh\u00e9sion.<\/p>\n<p>Dans ce cadre, la municipalit\u00e9 de TIERCELET a engag\u00e9 des travaux sur diff\u00e9rents b\u00e2timents publics au titre de la \u00ab\u00a0RENOVATION \u00c9NERG\u00c9TIQUE\u00a0\u00bb, pour un <strong>montant total de 109.485,95 \u20ac hors TVA.<\/strong><\/p>\n<p><strong>\u00c9cole \u00e9l\u00e9mentaire\u00a0:<\/strong> isolation de la toiture, remplacement des fen\u00eatres et de la chaudi\u00e8re.<\/p>\n<p><strong>Salle de sport\u00a0:<\/strong> remplacement des fen\u00eatres.<\/p>\n<p><strong>Mairie\u00a0:<\/strong> remplacement de la chaudi\u00e8re.<\/p>\n<p><strong>Salle polyvalente\u00a0:<\/strong> remplacement des fen\u00eatres et de la chaudi\u00e8re.<\/p>\n<p>Ce programme de travaux a pu \u00eatre r\u00e9alis\u00e9 en partie gr\u00e2ce \u00e0 l\u2019obtention de subventions. Nous tenons \u00e0 remercier les partenaires financiers qui sont\u00a0:<\/p>\n<ul>\n<li>L\u2019Union Europ\u00e9enne<\/li>\n<li>L\u2019\u00c9tat<\/li>\n<li>Le D\u00e9partement de Meurthe-et-Moselle<\/li>\n<li>L\u2019Agglom\u00e9ration du Grand Longwy<\/li>\n<\/ul>\n<p><img loading=\"lazy\" decoding=\"async\" class=\"alignnone wp-image-1991\" src=\"https:\/\/tiercelet.fr\/wp-content\/uploads\/2023\/06\/logo-UE-scaled.jpg\" alt=\"\" width=\"426\" height=\"107\" srcset=\"https:\/\/tiercelet.fr\/wp-content\/uploads\/2023\/06\/logo-UE-scaled.jpg 2560w, https:\/\/tiercelet.fr\/wp-content\/uploads\/2023\/06\/logo-UE-300x75.jpg 300w, https:\/\/tiercelet.fr\/wp-content\/uploads\/2023\/06\/logo-UE-1024x257.jpg 1024w, https:\/\/tiercelet.fr\/wp-content\/uploads\/2023\/06\/logo-UE-768x193.jpg 768w, https:\/\/tiercelet.fr\/wp-content\/uploads\/2023\/06\/logo-UE-1536x386.jpg 1536w, https:\/\/tiercelet.fr\/wp-content\/uploads\/2023\/06\/logo-UE-2048x515.jpg 2048w\" sizes=\"auto, (max-width: 426px) 100vw, 426px\" \/> <img loading=\"lazy\" decoding=\"async\" class=\"alignnone wp-image-1990\" src=\"https:\/\/tiercelet.fr\/wp-content\/uploads\/2023\/06\/PREF_Meurthe_et_moselle_CMJN_imagelarge.jpg\" alt=\"\" width=\"215\" height=\"107\" srcset=\"https:\/\/tiercelet.fr\/wp-content\/uploads\/2023\/06\/PREF_Meurthe_et_moselle_CMJN_imagelarge.jpg 800w, https:\/\/tiercelet.fr\/wp-content\/uploads\/2023\/06\/PREF_Meurthe_et_moselle_CMJN_imagelarge-300x149.jpg 300w, https:\/\/tiercelet.fr\/wp-content\/uploads\/2023\/06\/PREF_Meurthe_et_moselle_CMJN_imagelarge-768x381.jpg 768w\" sizes=\"auto, (max-width: 215px) 100vw, 215px\" \/><img loading=\"lazy\" decoding=\"async\" class=\"alignnone wp-image-1994\" src=\"https:\/\/tiercelet.fr\/wp-content\/uploads\/2023\/06\/Horizontal-couleur_filet_RVB1.png\" alt=\"\" width=\"149\" height=\"107\" srcset=\"https:\/\/tiercelet.fr\/wp-content\/uploads\/2023\/06\/Horizontal-couleur_filet_RVB1.png 670w, https:\/\/tiercelet.fr\/wp-content\/uploads\/2023\/06\/Horizontal-couleur_filet_RVB1-300x216.png 300w\" sizes=\"auto, (max-width: 149px) 100vw, 149px\" \/><img loading=\"lazy\" decoding=\"async\" class=\"alignnone wp-image-1992\" src=\"https:\/\/tiercelet.fr\/wp-content\/uploads\/2023\/06\/GRAND-LONGWY_LOGOTYPE-ROUGE_NOIR.png\" alt=\"\" width=\"350\" height=\"96\" srcset=\"https:\/\/tiercelet.fr\/wp-content\/uploads\/2023\/06\/GRAND-LONGWY_LOGOTYPE-ROUGE_NOIR.png 357w, https:\/\/tiercelet.fr\/wp-content\/uploads\/2023\/06\/GRAND-LONGWY_LOGOTYPE-ROUGE_NOIR-300x82.png 300w\" sizes=\"auto, (max-width: 350px) 100vw, 350px\" \/><\/p>\n","protected":false},"excerpt":{"rendered":"<p>Le gouvernement a mis en place un plan de relance historique de 100 milliards d\u2019euros pour redresser l\u2019\u00e9conomie et faire la \u00ab\u00a0France de demain\u00a0\u00bb. Inscrit dans la continuit\u00e9 des mesures de soutien aux entreprises et salari\u00e9s lanc\u00e9s d\u00e8s le d\u00e9but de la crise de la Covid-19, ce plan vise \u00e0 transformer l\u2019\u00e9conomie et cr\u00e9er de [&hellip;]<\/p>\n","protected":false},"author":2,"featured_media":0,"comment_status":"closed","ping_status":"closed","sticky":false,"template":"","format":"standard","meta":{"footnotes":""},"categories":[9],"tags":[23,20,19,22,21,24],"class_list":["post-1989","post","type-post","status-publish","format-standard","hentry","category-dernieres-infos","tag-departement-de-meurthe-et-moselle","tag-financement","tag-grand-longwy-agglomeration","tag-prefecture-de-meurthe-et-moselle","tag-subventions","tag-union-europeenne"],"_links":{"self":[{"href":"https:\/\/tiercelet.fr\/index.php?rest_route=\/wp\/v2\/posts\/1989","targetHints":{"allow":["GET"]}}],"collection":[{"href":"https:\/\/tiercelet.fr\/index.php?rest_route=\/wp\/v2\/posts"}],"about":[{"href":"https:\/\/tiercelet.fr\/index.php?rest_route=\/wp\/v2\/types\/post"}],"author":[{"embeddable":true,"href":"https:\/\/tiercelet.fr\/index.php?rest_route=\/wp\/v2\/users\/2"}],"replies":[{"embeddable":true,"href":"https:\/\/tiercelet.fr\/index.php?rest_route=%2Fwp%2Fv2%2Fcomments&post=1989"}],"version-history":[{"count":2,"href":"https:\/\/tiercelet.fr\/index.php?rest_route=\/wp\/v2\/posts\/1989\/revisions"}],"predecessor-version":[{"id":1996,"href":"https:\/\/tiercelet.fr\/index.php?rest_route=\/wp\/v2\/posts\/1989\/revisions\/1996"}],"wp:attachment":[{"href":"https:\/\/tiercelet.fr\/index.php?rest_route=%2Fwp%2Fv2%2Fmedia&parent=1989"}],"wp:term":[{"taxonomy":"category","embeddable":true,"href":"https:\/\/tiercelet.fr\/index.php?rest_route=%2Fwp%2Fv2%2Fcategories&post=1989"},{"taxonomy":"post_tag","embeddable":true,"href":"https:\/\/tiercelet.fr\/index.php?rest_route=%2Fwp%2Fv2%2Ftags&post=1989"}],"curies":[{"name":"wp","href":"https:\/\/api.w.org\/{rel}","templated":true}]}}